{"id":663,"date":"2020-08-24T09:54:30","date_gmt":"2020-08-24T07:54:30","guid":{"rendered":"https:\/\/www.chouetteenvol.ft\/?p=663"},"modified":"2020-08-24T09:58:33","modified_gmt":"2020-08-24T07:58:33","slug":"journee-soignants","status":"publish","type":"post","link":"https:\/\/www.chouetteenvol.fr\/index.php\/2020\/08\/24\/journee-soignants\/","title":{"rendered":"Journ\u00e9e Soignants 21 &#038; 22 aout 2020"},"content":{"rendered":"\n<p>Les journ\u00e9es d\u00e9couvertes des 21 et 22 ao\u00fbt 2020 \u00e0 destination des soignants se sont bien d\u00e9roul\u00e9es. Une trentaine de vol d\u00e9couverte, \u00e0 pied ou en fauteuil ont \u00e9t\u00e9 effectu\u00e9s dans une ambiante chaleureuse et conviviale.<\/p>\n\n\n\n<p>Les \u00e9changes en attenant le vol ont \u00e9t\u00e9 riches entre les services du CHU, CH La Chartreuse, le CMP et Chouette Envol. Des projets sont n\u00e9s. D\u2019autres sont d\u00e9j\u00e0 sur les rails comme avec le CMP d\u2019Is sur Tille. Le Protection Judiciaire des Jeunes est aussi int\u00e9ress\u00e9 par les diff\u00e9rentes approches p\u00e9dagogiques et \u00e9ducatives induite par le parapente&nbsp;: l\u2019attente, la frustration, l\u2019\u00e9coute, la pr\u00e9paration, le respect des consignes, le regard des autres, la confiance en soi, la confiance donn\u00e9e et la r\u00e9compense, voler comme un oiseau&nbsp;!<\/p>\n\n\n\n<p>A bient\u00f4t pour de nouvelles aventures !<\/p>\n\n\n\n<figure class=\"wp-block-image size-large\"><img loading=\"lazy\" decoding=\"async\" width=\"720\" height=\"480\" src=\"https:\/\/www.chouetteenvol.fr\/wp-content\/uploads\/2020\/08\/IMG_7939-Small.jpg\" alt=\"\" class=\"wp-image-666\" srcset=\"https:\/\/www.chouetteenvol.fr\/wp-content\/uploads\/2020\/08\/IMG_7939-Small.jpg 720w, https:\/\/www.chouetteenvol.fr\/wp-content\/uploads\/2020\/08\/IMG_7939-Small-300x200.jpg 300w\" sizes=\"auto, (max-width: 720px) 100vw, 720px\" \/><figcaption>Briefing avant le vol<\/figcaption><\/figure>\n\n\n\n<figure class=\"wp-block-image size-large is-resized\"><img loading=\"lazy\" decoding=\"async\" src=\"https:\/\/www.chouetteenvol.fr\/wp-content\/uploads\/2020\/08\/20200822-La-Cras-114-Small.jpg\" alt=\"\" class=\"wp-image-665\" width=\"580\" height=\"386\" srcset=\"https:\/\/www.chouetteenvol.fr\/wp-content\/uploads\/2020\/08\/20200822-La-Cras-114-Small.jpg 720w, https:\/\/www.chouetteenvol.fr\/wp-content\/uploads\/2020\/08\/20200822-La-Cras-114-Small-300x200.jpg 300w\" sizes=\"auto, (max-width: 580px) 100vw, 580px\" \/><figcaption>Le vol de Christ\u00e8le<\/figcaption><\/figure>\n\n\n\n<figure class=\"wp-block-image size-large\"><img loading=\"lazy\" decoding=\"async\" width=\"720\" height=\"480\" src=\"https:\/\/www.chouetteenvol.fr\/wp-content\/uploads\/2020\/08\/IMG_7949-Small.jpg\" alt=\"\" class=\"wp-image-667\" srcset=\"https:\/\/www.chouetteenvol.fr\/wp-content\/uploads\/2020\/08\/IMG_7949-Small.jpg 720w, https:\/\/www.chouetteenvol.fr\/wp-content\/uploads\/2020\/08\/IMG_7949-Small-300x200.jpg 300w\" sizes=\"auto, (max-width: 720px) 100vw, 720px\" \/><\/figure>\n\n\n\n<figure class=\"wp-block-image size-large\"><img loading=\"lazy\" decoding=\"async\" width=\"720\" height=\"480\" src=\"https:\/\/www.chouetteenvol.fr\/wp-content\/uploads\/2020\/08\/IMG_7873-Small.jpg\" alt=\"\" class=\"wp-image-664\" srcset=\"https:\/\/www.chouetteenvol.fr\/wp-content\/uploads\/2020\/08\/IMG_7873-Small.jpg 720w, https:\/\/www.chouetteenvol.fr\/wp-content\/uploads\/2020\/08\/IMG_7873-Small-300x200.jpg 300w\" sizes=\"auto, (max-width: 720px) 100vw, 720px\" \/><figcaption>L&rsquo;attente du cr\u00e9neau de d\u00e9collage id\u00e9al<\/figcaption><\/figure>\n\n\n\n<p><\/p>\n","protected":false},"excerpt":{"rendered":"<p>Les journ\u00e9es d\u00e9couvertes des 21 et 22 ao\u00fbt 2020 \u00e0 destination des soignants se sont bien d\u00e9roul\u00e9es. Une trentaine de vol d\u00e9couverte, \u00e0 pied ou en fauteuil ont \u00e9t\u00e9 effectu\u00e9s [&hellip;]<\/p>\n","protected":false},"author":4,"featured_media":0,"comment_status":"closed","ping_status":"open","sticky":false,"template":"","format":"standard","meta":{"footnotes":""},"categories":[4],"tags":[],"class_list":["post-663","post","type-post","status-publish","format-standard","hentry","category-blog"],"_links":{"self":[{"href":"https:\/\/www.chouetteenvol.fr\/index.php\/wp-json\/wp\/v2\/posts\/663","targetHints":{"allow":["GET"]}}],"collection":[{"href":"https:\/\/www.chouetteenvol.fr\/index.php\/wp-json\/wp\/v2\/posts"}],"about":[{"href":"https:\/\/www.chouetteenvol.fr\/index.php\/wp-json\/wp\/v2\/types\/post"}],"author":[{"embeddable":true,"href":"https:\/\/www.chouetteenvol.fr\/index.php\/wp-json\/wp\/v2\/users\/4"}],"replies":[{"embeddable":true,"href":"https:\/\/www.chouetteenvol.fr\/index.php\/wp-json\/wp\/v2\/comments?post=663"}],"version-history":[{"count":4,"href":"https:\/\/www.chouetteenvol.fr\/index.php\/wp-json\/wp\/v2\/posts\/663\/revisions"}],"predecessor-version":[{"id":673,"href":"https:\/\/www.chouetteenvol.fr\/index.php\/wp-json\/wp\/v2\/posts\/663\/revisions\/673"}],"wp:attachment":[{"href":"https:\/\/www.chouetteenvol.fr\/index.php\/wp-json\/wp\/v2\/media?parent=663"}],"wp:term":[{"taxonomy":"category","embeddable":true,"href":"https:\/\/www.chouetteenvol.fr\/index.php\/wp-json\/wp\/v2\/categories?post=663"},{"taxonomy":"post_tag","embeddable":true,"href":"https:\/\/www.chouetteenvol.fr\/index.php\/wp-json\/wp\/v2\/tags?post=663"}],"curies":[{"name":"wp","href":"https:\/\/api.w.org\/{rel}","templated":true}]}}