{"id":646,"date":"2020-07-19T08:13:05","date_gmt":"2020-07-19T06:13:05","guid":{"rendered":"https:\/\/www.chouetteenvol.ft\/?p=646"},"modified":"2020-07-19T08:18:38","modified_gmt":"2020-07-19T06:18:38","slug":"chouette-new-n1","status":"publish","type":"post","link":"https:\/\/www.chouetteenvol.fr\/index.php\/2020\/07\/19\/chouette-new-n1\/","title":{"rendered":"Chouette New n\u00b01"},"content":{"rendered":"\n<h3 class=\"wp-block-heading\"><strong>Op\u00e9rations 2020<\/strong><\/h3>\n\n\n\n<p>Les derni\u00e8res mesures \u00ab&nbsp;COIVID-19&nbsp;\u00bb nous permettent d\u2019envisager la reprise de nos op\u00e9rations les <strong>vendredi 21<\/strong> et <strong>samedi 22 ao\u00fbt 2020<\/strong> avec un report m\u00e9t\u00e9o les 28 et 29 ao\u00fbt.<\/p>\n\n\n\n<p>Cette op\u00e9ration, un peu sp\u00e9ciale \u00e0 destination principale des soignants, a plusieurs objectifs&nbsp;:<\/p>\n\n\n\n<ul class=\"wp-block-list\"><li>faire d\u00e9couvrir l\u2019int\u00e9r\u00eat de l\u2019int\u00e9gration du parapente dans un parcours de soin\u00a0;<\/li><li>\u00e9changer sur les pratiques entre soignants (CH, CHU, DIVIO)\u00a0;<\/li><li>A notre fa\u00e7on, remercier les soignants des efforts fournis pendant la crise.<\/li><\/ul>\n\n\n\n<p>Nos sponsors sont invit\u00e9s \u00e0 venir s\u2019immerger dans l\u2019univers du vol libre. Les \u00e9changes sont souvent riches.<\/p>\n\n\n\n<div class=\"wp-block-image\"><figure class=\"aligncenter size-large is-resized\"><img loading=\"lazy\" decoding=\"async\" src=\"https:\/\/www.chouetteenvol.fr\/wp-content\/uploads\/2020\/07\/2020-08-21-22-aout-769x1024.png\" alt=\"\" class=\"wp-image-647\" width=\"351\" height=\"468\" srcset=\"https:\/\/www.chouetteenvol.fr\/wp-content\/uploads\/2020\/07\/2020-08-21-22-aout-769x1024.png 769w, https:\/\/www.chouetteenvol.fr\/wp-content\/uploads\/2020\/07\/2020-08-21-22-aout-225x300.png 225w, https:\/\/www.chouetteenvol.fr\/wp-content\/uploads\/2020\/07\/2020-08-21-22-aout-768x1023.png 768w, https:\/\/www.chouetteenvol.fr\/wp-content\/uploads\/2020\/07\/2020-08-21-22-aout.png 961w\" sizes=\"auto, (max-width: 351px) 100vw, 351px\" \/><\/figure><\/div>\n\n\n\n<p>Une autre op\u00e9ration courant octobre est d\u00e9j\u00e0 sur les rails. Probablement sur une journ\u00e9e,&nbsp; le weekend du 10\/11 octobre.<\/p>\n\n\n\n<p>Les op\u00e9rations r\u00e9guli\u00e8res CH La Chartreuse reprendront vraisemblablement fin septembre d\u00e9but octobre. Idem pour l\u2019h\u00f4pital d\u2019enfant du CHU de Dijon. Nous esp\u00e9rons d\u00e9buter des actions d\u00e8s cette ann\u00e9e avec le centre de r\u00e9\u00e9ducation fonctionnel de Dijon DIVIO.<\/p>\n\n\n\n<h3 class=\"wp-block-heading\"><strong>Une disponibilit\u00e9 accrue<\/strong><\/h3>\n\n\n\n<p>En cette p\u00e9riode un peu compliqu\u00e9e,&nbsp; nous avons su profiter du temps offert pour nous former, fiabiliser nos mat\u00e9riels et donc de permettre une reprise dans les meilleures conditions possibles.<\/p>\n\n\n\n<p>Gr\u00e2ce aux formations effectu\u00e9es en 2020, \u00e0 la mise en \u0153uvre du nouveau treuil et de la disponibilit\u00e9 des b\u00e9n\u00e9voles (treuilleur, pilotes et accompagnants), nous sommes maintenant capable de proposer des actions \u00ab&nbsp;fauteuil&nbsp;\u00bb en semaine. Ce qui augmente de facto les possibilit\u00e9s d\u2019actions de notre petite association.<\/p>\n\n\n\n<h3 class=\"wp-block-heading\"><strong>Formation<\/strong><\/h3>\n\n\n\n<p>Nous avons pu qualifier 5 nouveaux treuilleurs sur notre nouveau d\u00e9vidoir. Trois sont encore dans le cursus de formation. La formation sur le terrain a bien \u00e9videment \u00e9t\u00e9 suspendue durant le confinement. Mais nous en avons profit\u00e9 pour terminer les parties th\u00e9oriques \u00e0 un niveau de qualit\u00e9 rarement atteint. La formation sur le terrain va reprendre d\u00e8s que les conditions m\u00e9t\u00e9orologiques seront optimales dans le respect strict des mesures de distanciation. Une proc\u00e9dure a \u00e9t\u00e9 r\u00e9dig\u00e9e.<\/p>\n","protected":false},"excerpt":{"rendered":"<p>Op\u00e9rations 2020 Les derni\u00e8res mesures \u00ab&nbsp;COIVID-19&nbsp;\u00bb nous permettent d\u2019envisager la reprise de nos op\u00e9rations les vendredi 21 et samedi 22 ao\u00fbt 2020 avec un report m\u00e9t\u00e9o les 28 et 29 [&hellip;]<\/p>\n","protected":false},"author":4,"featured_media":0,"comment_status":"closed","ping_status":"open","sticky":false,"template":"","format":"standard","meta":{"footnotes":""},"categories":[4],"tags":[],"class_list":["post-646","post","type-post","status-publish","format-standard","hentry","category-blog"],"_links":{"self":[{"href":"https:\/\/www.chouetteenvol.fr\/index.php\/wp-json\/wp\/v2\/posts\/646","targetHints":{"allow":["GET"]}}],"collection":[{"href":"https:\/\/www.chouetteenvol.fr\/index.php\/wp-json\/wp\/v2\/posts"}],"about":[{"href":"https:\/\/www.chouetteenvol.fr\/index.php\/wp-json\/wp\/v2\/types\/post"}],"author":[{"embeddable":true,"href":"https:\/\/www.chouetteenvol.fr\/index.php\/wp-json\/wp\/v2\/users\/4"}],"replies":[{"embeddable":true,"href":"https:\/\/www.chouetteenvol.fr\/index.php\/wp-json\/wp\/v2\/comments?post=646"}],"version-history":[{"count":9,"href":"https:\/\/www.chouetteenvol.fr\/index.php\/wp-json\/wp\/v2\/posts\/646\/revisions"}],"predecessor-version":[{"id":656,"href":"https:\/\/www.chouetteenvol.fr\/index.php\/wp-json\/wp\/v2\/posts\/646\/revisions\/656"}],"wp:attachment":[{"href":"https:\/\/www.chouetteenvol.fr\/index.php\/wp-json\/wp\/v2\/media?parent=646"}],"wp:term":[{"taxonomy":"category","embeddable":true,"href":"https:\/\/www.chouetteenvol.fr\/index.php\/wp-json\/wp\/v2\/categories?post=646"},{"taxonomy":"post_tag","embeddable":true,"href":"https:\/\/www.chouetteenvol.fr\/index.php\/wp-json\/wp\/v2\/tags?post=646"}],"curies":[{"name":"wp","href":"https:\/\/api.w.org\/{rel}","templated":true}]}}