{"id":1139,"date":"2023-09-04T16:48:37","date_gmt":"2023-09-04T14:48:37","guid":{"rendered":"https:\/\/www.chouetteenvol.fr\/?p=1139"},"modified":"2023-09-05T08:29:54","modified_gmt":"2023-09-05T06:29:54","slug":"chatillon-1-2-3-septembre-2023","status":"publish","type":"post","link":"https:\/\/www.chouetteenvol.fr\/index.php\/2023\/09\/04\/chatillon-1-2-3-septembre-2023\/","title":{"rendered":"Ch\u00e2tillon 1, 2 &#038; 3 septembre 2023"},"content":{"rendered":"<div class=\"wp-block-image\">\n<figure class=\"aligncenter size-large is-resized\"><img loading=\"lazy\" decoding=\"async\" src=\"https:\/\/www.chouetteenvol.fr\/wp-content\/uploads\/2023\/09\/Anthonin-577x1024.jpeg\" alt=\"\" class=\"wp-image-1140\" style=\"width:383px;height:680px\" width=\"383\" height=\"680\" srcset=\"https:\/\/www.chouetteenvol.fr\/wp-content\/uploads\/2023\/09\/Anthonin-577x1024.jpeg 577w, https:\/\/www.chouetteenvol.fr\/wp-content\/uploads\/2023\/09\/Anthonin-169x300.jpeg 169w, https:\/\/www.chouetteenvol.fr\/wp-content\/uploads\/2023\/09\/Anthonin-768x1363.jpeg 768w, https:\/\/www.chouetteenvol.fr\/wp-content\/uploads\/2023\/09\/Anthonin-866x1536.jpeg 866w, https:\/\/www.chouetteenvol.fr\/wp-content\/uploads\/2023\/09\/Anthonin.jpeg 1154w\" sizes=\"auto, (max-width: 383px) 100vw, 383px\" \/><\/figure>\n<\/div>\n\n\n<p>Votre merveilleuse association, avec de belles personnes bienveillantes.<br>Hier vous avez mis des \u00e9toiles dans les yeux d&rsquo;Anthonin, et je vous en suis tellement reconnaissante, merci du fond du c\u0153ur.<br>Il y a 25 ans lorsque j&rsquo;ai eu mon accident qui m&rsquo;a priv\u00e9e de mes jambes, je n&rsquo;ai pas eu l&rsquo;opportunit\u00e9, la chance, de vivre de telles exp\u00e9riences, et avec les ann\u00e9es qui passent je sais \u00e0 quel point ils sont importants pour se reconstruire et au del\u00e0 pour avancer, car le quotidien est lourd avec un handicap.<br>Tous les moments de bonheurs que l&rsquo;on peut cueillir r\u00e9\u00e9quilibrent les choses et rendent la vie plus douce afin de pouvoir avancer.<br>MERCI \u00e0 vous et \u00e0 votre grande g\u00e9n\u00e9rosit\u00e9 de c\u0153ur.<br>Je n&rsquo;ai pu venir cette ann\u00e9e, mais j&rsquo;esp\u00e8re une prochaine fois, au pire j&rsquo;aurais le plaisir de vous revoir \u00e0 l&rsquo;AG.<br>Encore merci pour nos c\u0153urs que vous r\u00e9chauffez, et pour les \u00e9toiles que vous mettez dans nos yeux.<br>Belle journ\u00e9e \u00e0 vous tous \ud83d\ude09\ud83d\ude01\u2600\ufe0f<\/p>\n\n\n\n<p>Cathy<\/p>\n\n\n\n<figure class=\"wp-block-image size-large\"><img loading=\"lazy\" decoding=\"async\" width=\"1024\" height=\"473\" src=\"https:\/\/www.chouetteenvol.fr\/wp-content\/uploads\/2023\/09\/vue-du-ciel-1024x473.jpeg\" alt=\"\" class=\"wp-image-1141\" srcset=\"https:\/\/www.chouetteenvol.fr\/wp-content\/uploads\/2023\/09\/vue-du-ciel-1024x473.jpeg 1024w, https:\/\/www.chouetteenvol.fr\/wp-content\/uploads\/2023\/09\/vue-du-ciel-300x139.jpeg 300w, https:\/\/www.chouetteenvol.fr\/wp-content\/uploads\/2023\/09\/vue-du-ciel-768x355.jpeg 768w, https:\/\/www.chouetteenvol.fr\/wp-content\/uploads\/2023\/09\/vue-du-ciel-1536x710.jpeg 1536w, https:\/\/www.chouetteenvol.fr\/wp-content\/uploads\/2023\/09\/vue-du-ciel.jpeg 2048w\" sizes=\"auto, (max-width: 1024px) 100vw, 1024px\" \/><\/figure>\n","protected":false},"excerpt":{"rendered":"<p>Votre merveilleuse association, avec de belles personnes bienveillantes.Hier vous avez mis des \u00e9toiles dans les yeux d&rsquo;Anthonin, et je vous en suis tellement reconnaissante, merci du fond du c\u0153ur.Il y [&hellip;]<\/p>\n","protected":false},"author":4,"featured_media":0,"comment_status":"closed","ping_status":"open","sticky":false,"template":"","format":"standard","meta":{"footnotes":""},"categories":[4],"tags":[],"class_list":["post-1139","post","type-post","status-publish","format-standard","hentry","category-blog"],"_links":{"self":[{"href":"https:\/\/www.chouetteenvol.fr\/index.php\/wp-json\/wp\/v2\/posts\/1139","targetHints":{"allow":["GET"]}}],"collection":[{"href":"https:\/\/www.chouetteenvol.fr\/index.php\/wp-json\/wp\/v2\/posts"}],"about":[{"href":"https:\/\/www.chouetteenvol.fr\/index.php\/wp-json\/wp\/v2\/types\/post"}],"author":[{"embeddable":true,"href":"https:\/\/www.chouetteenvol.fr\/index.php\/wp-json\/wp\/v2\/users\/4"}],"replies":[{"embeddable":true,"href":"https:\/\/www.chouetteenvol.fr\/index.php\/wp-json\/wp\/v2\/comments?post=1139"}],"version-history":[{"count":2,"href":"https:\/\/www.chouetteenvol.fr\/index.php\/wp-json\/wp\/v2\/posts\/1139\/revisions"}],"predecessor-version":[{"id":1143,"href":"https:\/\/www.chouetteenvol.fr\/index.php\/wp-json\/wp\/v2\/posts\/1139\/revisions\/1143"}],"wp:attachment":[{"href":"https:\/\/www.chouetteenvol.fr\/index.php\/wp-json\/wp\/v2\/media?parent=1139"}],"wp:term":[{"taxonomy":"category","embeddable":true,"href":"https:\/\/www.chouetteenvol.fr\/index.php\/wp-json\/wp\/v2\/categories?post=1139"},{"taxonomy":"post_tag","embeddable":true,"href":"https:\/\/www.chouetteenvol.fr\/index.php\/wp-json\/wp\/v2\/tags?post=1139"}],"curies":[{"name":"wp","href":"https:\/\/api.w.org\/{rel}","templated":true}]}}