{"id":1119,"date":"2023-07-11T15:18:47","date_gmt":"2023-07-11T13:18:47","guid":{"rendered":"https:\/\/www.chouetteenvol.fr\/?p=1119"},"modified":"2023-07-11T15:18:47","modified_gmt":"2023-07-11T13:18:47","slug":"magnifique-journee-a-doucier","status":"publish","type":"post","link":"https:\/\/www.chouetteenvol.fr\/index.php\/2023\/07\/11\/magnifique-journee-a-doucier\/","title":{"rendered":"Magnifique journ\u00e9e \u00e0 Doucier"},"content":{"rendered":"\n<p>Tr\u00e8s belle journ\u00e9e organis\u00e9e par la Ligue Bourgogne Franche-Comt\u00e9 de Vol Libre de d\u00e9couverte du vol treuill\u00e9. En collaboration avec Les Rousses P\u00f4le Air.<\/p>\n\n\n\n<p>L&rsquo;article du Progr\u00e8s<\/p>\n\n\n\n<figure class=\"wp-block-image size-full\"><img loading=\"lazy\" decoding=\"async\" width=\"588\" height=\"600\" src=\"https:\/\/www.chouetteenvol.fr\/wp-content\/uploads\/2023\/07\/2023-07-Le-progres.resized.png\" alt=\"\" class=\"wp-image-1120\" srcset=\"https:\/\/www.chouetteenvol.fr\/wp-content\/uploads\/2023\/07\/2023-07-Le-progres.resized.png 588w, https:\/\/www.chouetteenvol.fr\/wp-content\/uploads\/2023\/07\/2023-07-Le-progres.resized-294x300.png 294w\" sizes=\"auto, (max-width: 588px) 100vw, 588px\" \/><\/figure>\n\n\n\n<p>Photo de famille apr\u00e8s le vol de Jacques 98 ans habitant \u00e0 Voiteur.<\/p>\n\n\n\n<figure class=\"wp-block-image size-large\"><img loading=\"lazy\" decoding=\"async\" width=\"768\" height=\"1024\" src=\"https:\/\/www.chouetteenvol.fr\/wp-content\/uploads\/2023\/07\/jacques-768x1024.jpeg\" alt=\"\" class=\"wp-image-1121\" srcset=\"https:\/\/www.chouetteenvol.fr\/wp-content\/uploads\/2023\/07\/jacques-768x1024.jpeg 768w, https:\/\/www.chouetteenvol.fr\/wp-content\/uploads\/2023\/07\/jacques-225x300.jpeg 225w, https:\/\/www.chouetteenvol.fr\/wp-content\/uploads\/2023\/07\/jacques-1152x1536.jpeg 1152w, https:\/\/www.chouetteenvol.fr\/wp-content\/uploads\/2023\/07\/jacques.jpeg 1200w\" sizes=\"auto, (max-width: 768px) 100vw, 768px\" \/><\/figure>\n\n\n\n<p><\/p>\n","protected":false},"excerpt":{"rendered":"<p>Tr\u00e8s belle journ\u00e9e organis\u00e9e par la Ligue Bourgogne Franche-Comt\u00e9 de Vol Libre de d\u00e9couverte du vol treuill\u00e9. En collaboration avec Les Rousses P\u00f4le Air. L&rsquo;article du Progr\u00e8s Photo de famille [&hellip;]<\/p>\n","protected":false},"author":4,"featured_media":0,"comment_status":"closed","ping_status":"open","sticky":false,"template":"","format":"standard","meta":{"footnotes":""},"categories":[4],"tags":[],"class_list":["post-1119","post","type-post","status-publish","format-standard","hentry","category-blog"],"_links":{"self":[{"href":"https:\/\/www.chouetteenvol.fr\/index.php\/wp-json\/wp\/v2\/posts\/1119","targetHints":{"allow":["GET"]}}],"collection":[{"href":"https:\/\/www.chouetteenvol.fr\/index.php\/wp-json\/wp\/v2\/posts"}],"about":[{"href":"https:\/\/www.chouetteenvol.fr\/index.php\/wp-json\/wp\/v2\/types\/post"}],"author":[{"embeddable":true,"href":"https:\/\/www.chouetteenvol.fr\/index.php\/wp-json\/wp\/v2\/users\/4"}],"replies":[{"embeddable":true,"href":"https:\/\/www.chouetteenvol.fr\/index.php\/wp-json\/wp\/v2\/comments?post=1119"}],"version-history":[{"count":1,"href":"https:\/\/www.chouetteenvol.fr\/index.php\/wp-json\/wp\/v2\/posts\/1119\/revisions"}],"predecessor-version":[{"id":1122,"href":"https:\/\/www.chouetteenvol.fr\/index.php\/wp-json\/wp\/v2\/posts\/1119\/revisions\/1122"}],"wp:attachment":[{"href":"https:\/\/www.chouetteenvol.fr\/index.php\/wp-json\/wp\/v2\/media?parent=1119"}],"wp:term":[{"taxonomy":"category","embeddable":true,"href":"https:\/\/www.chouetteenvol.fr\/index.php\/wp-json\/wp\/v2\/categories?post=1119"},{"taxonomy":"post_tag","embeddable":true,"href":"https:\/\/www.chouetteenvol.fr\/index.php\/wp-json\/wp\/v2\/tags?post=1119"}],"curies":[{"name":"wp","href":"https:\/\/api.w.org\/{rel}","templated":true}]}}