{"id":1103,"date":"2023-05-13T16:28:10","date_gmt":"2023-05-13T14:28:10","guid":{"rendered":"https:\/\/www.chouetteenvol.fr\/?p=1103"},"modified":"2023-05-13T16:29:13","modified_gmt":"2023-05-13T14:29:13","slug":"13-mai-2023-chaux","status":"publish","type":"post","link":"https:\/\/www.chouetteenvol.fr\/index.php\/2023\/05\/13\/13-mai-2023-chaux\/","title":{"rendered":"13 mai 2023, Chaux !"},"content":{"rendered":"\n<p>Aujourd&rsquo;hui, une tr\u00e8s belle journ\u00e9e de vol avec l&rsquo;association EHCO (ex Les Papillons Blancs de Seurre).<\/p>\n\n\n\n<p>Que d&rsquo;\u00e9motions au d\u00e9collage ! Les r\u00e9sidents, comme les soignants, sont repartis ravis avec de tr\u00e8s belles images plein les yeux !<\/p>\n\n\n\n<p>6 vols biplace en fauteuils et 6 vols biplace en d\u00e9collage \u00e0 pied.<\/p>\n\n\n\n<p>Bravo \u00e0 eux pour leur engagement et leurs sourires !<\/p>\n\n\n\n<figure class=\"wp-block-image size-full\"><img loading=\"lazy\" decoding=\"async\" width=\"1024\" height=\"461\" src=\"https:\/\/www.chouetteenvol.fr\/wp-content\/uploads\/2023\/05\/IMG_20230513_122446.resized.jpg\" alt=\"\" class=\"wp-image-1104\" srcset=\"https:\/\/www.chouetteenvol.fr\/wp-content\/uploads\/2023\/05\/IMG_20230513_122446.resized.jpg 1024w, https:\/\/www.chouetteenvol.fr\/wp-content\/uploads\/2023\/05\/IMG_20230513_122446.resized-300x135.jpg 300w, https:\/\/www.chouetteenvol.fr\/wp-content\/uploads\/2023\/05\/IMG_20230513_122446.resized-768x346.jpg 768w\" sizes=\"auto, (max-width: 1024px) 100vw, 1024px\" \/><\/figure>\n\n\n\n<figure class=\"wp-block-image size-full\"><img loading=\"lazy\" decoding=\"async\" width=\"1024\" height=\"461\" src=\"https:\/\/www.chouetteenvol.fr\/wp-content\/uploads\/2023\/05\/IMG_20230513_121228.resized.jpg\" alt=\"\" class=\"wp-image-1107\" srcset=\"https:\/\/www.chouetteenvol.fr\/wp-content\/uploads\/2023\/05\/IMG_20230513_121228.resized.jpg 1024w, https:\/\/www.chouetteenvol.fr\/wp-content\/uploads\/2023\/05\/IMG_20230513_121228.resized-300x135.jpg 300w, https:\/\/www.chouetteenvol.fr\/wp-content\/uploads\/2023\/05\/IMG_20230513_121228.resized-768x346.jpg 768w\" sizes=\"auto, (max-width: 1024px) 100vw, 1024px\" \/><\/figure>\n","protected":false},"excerpt":{"rendered":"<p>Aujourd&rsquo;hui, une tr\u00e8s belle journ\u00e9e de vol avec l&rsquo;association EHCO (ex Les Papillons Blancs de Seurre). Que d&rsquo;\u00e9motions au d\u00e9collage ! Les r\u00e9sidents, comme les soignants, sont repartis ravis avec [&hellip;]<\/p>\n","protected":false},"author":4,"featured_media":0,"comment_status":"closed","ping_status":"open","sticky":false,"template":"","format":"standard","meta":{"footnotes":""},"categories":[4],"tags":[],"class_list":["post-1103","post","type-post","status-publish","format-standard","hentry","category-blog"],"_links":{"self":[{"href":"https:\/\/www.chouetteenvol.fr\/index.php\/wp-json\/wp\/v2\/posts\/1103","targetHints":{"allow":["GET"]}}],"collection":[{"href":"https:\/\/www.chouetteenvol.fr\/index.php\/wp-json\/wp\/v2\/posts"}],"about":[{"href":"https:\/\/www.chouetteenvol.fr\/index.php\/wp-json\/wp\/v2\/types\/post"}],"author":[{"embeddable":true,"href":"https:\/\/www.chouetteenvol.fr\/index.php\/wp-json\/wp\/v2\/users\/4"}],"replies":[{"embeddable":true,"href":"https:\/\/www.chouetteenvol.fr\/index.php\/wp-json\/wp\/v2\/comments?post=1103"}],"version-history":[{"count":3,"href":"https:\/\/www.chouetteenvol.fr\/index.php\/wp-json\/wp\/v2\/posts\/1103\/revisions"}],"predecessor-version":[{"id":1108,"href":"https:\/\/www.chouetteenvol.fr\/index.php\/wp-json\/wp\/v2\/posts\/1103\/revisions\/1108"}],"wp:attachment":[{"href":"https:\/\/www.chouetteenvol.fr\/index.php\/wp-json\/wp\/v2\/media?parent=1103"}],"wp:term":[{"taxonomy":"category","embeddable":true,"href":"https:\/\/www.chouetteenvol.fr\/index.php\/wp-json\/wp\/v2\/categories?post=1103"},{"taxonomy":"post_tag","embeddable":true,"href":"https:\/\/www.chouetteenvol.fr\/index.php\/wp-json\/wp\/v2\/tags?post=1103"}],"curies":[{"name":"wp","href":"https:\/\/api.w.org\/{rel}","templated":true}]}}